{"id":1350,"date":"2026-08-28T12:49:42","date_gmt":"2026-08-28T10:49:42","guid":{"rendered":"https:\/\/strotzbuesch.de\/?p=1350"},"modified":"2026-08-28T12:50:25","modified_gmt":"2026-08-28T10:50:25","slug":"kinderfest-in-strotzbuesch-begeistert-gross-und-klein-gemeinsam-fuer-den-guten-zweck","status":"publish","type":"post","link":"https:\/\/strotzbuesch.de\/index.php\/2026\/08\/28\/kinderfest-in-strotzbuesch-begeistert-gross-und-klein-gemeinsam-fuer-den-guten-zweck\/","title":{"rendered":"Kinderfest in Strotzb\u00fcsch begeistert Gro\u00df und Klein \u2013 gemeinsam f\u00fcr den guten Zweck"},"content":{"rendered":"\n<p class=\"wp-block-paragraph\"><strong>Strotzb\u00fcsch.<\/strong> Vier Tage Aufbau, mehr als 50 flei\u00dfige Helfer, rund 500 G\u00e4ste und jede Menge strahlende Kinderaugen: Das Kinderfest auf dem Sportplatz in Strotzb\u00fcsch war ein voller Erfolg. Dabei ging es den Organisatoren nicht nur darum, den Kindern und Familien einen unvergesslichen Tag zu bereiten \u2013 mit dem Fest sollte gleichzeitig f\u00fcr den guten Zweck gesammelt werden. Die Spenden gehen an <strong>Nestw\u00e4rme<\/strong>.<\/p>\n\n\n\n<figure class=\"wp-block-image size-large\"><img fetchpriority=\"high\" decoding=\"async\" width=\"768\" height=\"1024\" src=\"https:\/\/strotzbuesch.de\/wp-content\/uploads\/2026\/08\/WhatsApp-Image-2026-07-31-at-17.57.49-768x1024.jpeg\" alt=\"\" class=\"wp-image-1351\" srcset=\"https:\/\/strotzbuesch.de\/wp-content\/uploads\/2026\/08\/WhatsApp-Image-2026-07-31-at-17.57.49-768x1024.jpeg 768w, https:\/\/strotzbuesch.de\/wp-content\/uploads\/2026\/08\/WhatsApp-Image-2026-07-31-at-17.57.49-225x300.jpeg 225w, https:\/\/strotzbuesch.de\/wp-content\/uploads\/2026\/08\/WhatsApp-Image-2026-07-31-at-17.57.49-1152x1536.jpeg 1152w, https:\/\/strotzbuesch.de\/wp-content\/uploads\/2026\/08\/WhatsApp-Image-2026-07-31-at-17.57.49.jpeg 1536w\" sizes=\"(max-width: 768px) 100vw, 768px\" \/><\/figure>\n\n\n\n<p class=\"wp-block-paragraph\">Schon beim Blick auf das Programm wurde deutlich, dass f\u00fcr jeden etwas dabei war. Gleich <strong>acht H\u00fcpfburgen<\/strong> sorgten f\u00fcr ausgelassenen Bewegungsspa\u00df. Dazu kamen Dosenwerfen, Kistenstapeln am Kran, Fu\u00dfballdart und zahlreiche XXL-Spiele. Beim Kinderschminken konnten sich die kleinen Besucher verwandeln lassen, w\u00e4hrend das Spielmobil f\u00fcr zus\u00e4tzliche Unterhaltung sorgte.<\/p>\n\n\n\n<p class=\"wp-block-paragraph\">Auch musikalisch wurde einiges geboten. <strong>Zwei Livebands<\/strong> sorgten f\u00fcr Stimmung, bevor bei der Kids Disco die j\u00fcngsten Besucher selbst das Tanzbein schwingen konnten. So wurde der Sportplatz f\u00fcr einen Tag zu einem gro\u00dfen Erlebnisgel\u00e4nde f\u00fcr die ganze Familie.<\/p>\n\n\n\n<p class=\"wp-block-paragraph\">Nat\u00fcrlich durfte auch das leibliche Wohl nicht zu kurz kommen. Die Zahlen sprechen dabei f\u00fcr sich: Rund <strong>200 Waffeln<\/strong>, <strong>300 W\u00fcrstchen<\/strong>, etwa <strong>100 Kilogramm Pommes<\/strong>, rund <strong>80 Kuchen<\/strong> sowie unz\u00e4hlige Portionen Slush-Eis und Popcorn gingen \u00fcber die Theken. F\u00fcr die kleinen G\u00e4ste gab es au\u00dferdem <strong>100 \u00dcberraschungsbeutel<\/strong>, die f\u00fcr zus\u00e4tzliche Freude sorgten.<\/p>\n\n\n\n<p class=\"wp-block-paragraph\">Hinter einem solchen Fest steckt allerdings jede Menge Arbeit. Insgesamt waren <strong>mehr als 50 Helfer<\/strong> im Einsatz, und allein der Aufbau nahm vier Tage in Anspruch. Organisiert wurde die Veranstaltung von einem sechsk\u00f6pfigen Organisationsteam: <strong>Jonas, Rebecca, Leon, Bj\u00f6rn Tobias und Dennis<\/strong><\/p>\n\n\n\n<p class=\"wp-block-paragraph\">Unterst\u00fctzt wurde das Kinderfest von insgesamt <strong>35 Sponsoren und Unterst\u00fctzern<\/strong>, ohne deren Hilfe eine Veranstaltung in dieser Gr\u00f6\u00dfenordnung kaum m\u00f6glich gewesen w\u00e4re. Besonders erfreulich: Die h\u00f6chste Einzelspende belief sich auf <strong>1.000 Euro<\/strong>.<\/p>\n\n\n\n<p class=\"wp-block-paragraph\">Auch die <strong>80 Kisten Bier<\/strong> zeigen, dass nicht nur f\u00fcr die Kinder, sondern f\u00fcr Besucher jeden Alters bestens vorgesorgt war. Der Sportplatz wurde damit zu einem Treffpunkt f\u00fcr Familien, Freunde und die gesamte Dorfgemeinschaft.<\/p>\n\n\n\n<p class=\"wp-block-paragraph\">Am Ende bleibt vor allem eines: Ein Fest, das gezeigt hat, was m\u00f6glich ist, wenn viele Menschen gemeinsam anpacken. Zahlreiche Helfer, Sponsoren und Unterst\u00fctzer haben dazu beigetragen, einen besonderen Tag f\u00fcr rund 500 G\u00e4ste auf die Beine zu stellen \u2013 und gleichzeitig etwas Gutes zu tun.<\/p>\n\n\n\n<p class=\"wp-block-paragraph\">Das Kinderfest in Strotzb\u00fcsch war damit nicht nur ein Tag voller Spiel, Spa\u00df und Musik, sondern vor allem ein starkes Zeichen f\u00fcr <strong>Gemeinschaft, Zusammenhalt und Hilfsbereitschaft<\/strong>. Und vermutlich waren es am Ende nicht nur die Kinder, die mit einem L\u00e4cheln nach Hause gingen.<\/p>\n","protected":false},"excerpt":{"rendered":"<p>Strotzb\u00fcsch. Vier Tage Aufbau, mehr als 50 flei\u00dfige Helfer, rund 500 G\u00e4ste und jede Menge strahlende Kinderaugen: Das Kinderfest auf dem Sportplatz in Strotzb\u00fcsch war ein voller Erfolg. Dabei ging es den Organisatoren nicht nur darum, den Kindern und Familien <a class=\"more-link\" href=\"https:\/\/strotzbuesch.de\/index.php\/2026\/08\/28\/kinderfest-in-strotzbuesch-begeistert-gross-und-klein-gemeinsam-fuer-den-guten-zweck\/\">weiterlesen&#8230;<\/a><\/p>\n","protected":false},"author":3,"featured_media":0,"comment_status":"closed","ping_status":"closed","sticky":false,"template":"","format":"standard","meta":{"ngg_post_thumbnail":0,"footnotes":""},"categories":[1],"tags":[],"class_list":["post-1350","post","type-post","status-publish","format-standard","hentry","category-uncategorized"],"_links":{"self":[{"href":"https:\/\/strotzbuesch.de\/index.php\/wp-json\/wp\/v2\/posts\/1350","targetHints":{"allow":["GET"]}}],"collection":[{"href":"https:\/\/strotzbuesch.de\/index.php\/wp-json\/wp\/v2\/posts"}],"about":[{"href":"https:\/\/strotzbuesch.de\/index.php\/wp-json\/wp\/v2\/types\/post"}],"author":[{"embeddable":true,"href":"https:\/\/strotzbuesch.de\/index.php\/wp-json\/wp\/v2\/users\/3"}],"replies":[{"embeddable":true,"href":"https:\/\/strotzbuesch.de\/index.php\/wp-json\/wp\/v2\/comments?post=1350"}],"version-history":[{"count":1,"href":"https:\/\/strotzbuesch.de\/index.php\/wp-json\/wp\/v2\/posts\/1350\/revisions"}],"predecessor-version":[{"id":1352,"href":"https:\/\/strotzbuesch.de\/index.php\/wp-json\/wp\/v2\/posts\/1350\/revisions\/1352"}],"wp:attachment":[{"href":"https:\/\/strotzbuesch.de\/index.php\/wp-json\/wp\/v2\/media?parent=1350"}],"wp:term":[{"taxonomy":"category","embeddable":true,"href":"https:\/\/strotzbuesch.de\/index.php\/wp-json\/wp\/v2\/categories?post=1350"},{"taxonomy":"post_tag","embeddable":true,"href":"https:\/\/strotzbuesch.de\/index.php\/wp-json\/wp\/v2\/tags?post=1350"}],"curies":[{"name":"wp","href":"https:\/\/api.w.org\/{rel}","templated":true}]}}